{"id":467,"date":"2011-09-02T18:48:33","date_gmt":"2011-09-02T17:48:33","guid":{"rendered":"http:\/\/www.jochenguertler.de\/?p=467"},"modified":"2011-09-08T01:12:57","modified_gmt":"2011-09-08T00:12:57","slug":"von-der-arbeit-mit-polaritaten","status":"publish","type":"post","link":"https:\/\/www.jochenguertler.de\/?p=467","title":{"rendered":"Von der Arbeit mit Polarit\u00e4ten"},"content":{"rendered":"<p><strong>Andreas Bourani<\/strong> hat neben all den Gedanken, die er <a href=\"https:\/\/www.jochenguertler.de\/?p=390\" target=\"_blank\">&#8222;nur in seinem Kopf hat&#8220;<\/a>, noch mehr interessante Texte wie ich finde. Besonders\u00a0 angesprochen haben mich beispielsweise die folgenden Zeilen aus <em><strong>So Leicht So Schwer<\/strong><\/em>.<\/p>\n<div id=\"songlyrics\" style=\"text-align: left;\"><em>Ich bin gut, bin viel zu b\u00f6se.<br \/>\nIch f\u00fchl mich gro\u00df, Ich f\u00fchl mich klein.<br \/>\nIch bin ein Sieger, ein Verlierer.<br \/>\nBin gern bei euch und gern allein.<\/em><em>Ich bin die Ruhe, die Ekstase<br \/>\nIch bin hart und viel zu weich.<br \/>\nIch bin so gierig und bescheiden.<\/em><\/p>\n<p>In der Arbeit mit Klienten und Coachees ist genau dieses <em>UND<\/em> oft ein grosses Thema. Wer will schon b\u00f6se sein und nicht gut? Wer ein Verlierer und kein Sieger? Wer f\u00fchlt sich schon gerne klein und nicht immer gross? Wer ist schon gerne gierig und nicht immer bescheiden?<\/p>\n<p>Aber das eine geht wohl nur mit dem anderen aus meiner Sicht. Der eine Pol exisitert nur mit dem anderen Pol. Und wir sind sicherlich wirklich nur dann wir selbst, wenn wir diese Polarit\u00e4ten zulassen, anerkennen und integrieren.<\/p>\n<p><em>Es ist so leicht, so schwer.<br \/>\nIch Pendel zwischen beiden<br \/>\nSeiten hin und her.<\/em><\/p>\n<p>Dieses Hin- und Herpendeln kann in der Tat eine sehr intensive und lehrreiche Erfahrung sein. Und im besten Gestalt-Sinne w\u00fcrde ich dem Klienten oder Coachee vielleicht anbieten, sich (abwechselnd) auf 2 St\u00fchle zu setzen, die jeweils den einen und den anderen Pol repr\u00e4sentieren.<\/p>\n<p>Auf dem einen Stuhl bin ich &#8222;b\u00f6se&#8220;, auf dem anderen &#8222;gut&#8220;. Auf dem einen bin ich &#8222;stark&#8220;, auf dem anderen darf ich &#8222;schwach&#8220; sein. Auf dem einen bin ich gerne in Gesellschaft, auf dem anderen geniesse ich das Alleinsein.<\/p>\n<p>Und vielleicht entsteht ein Dialog zwischen den beiden St\u00fchlen, zwischen den zwei Polarit\u00e4ten?<\/p>\n<p>Was will ich meinem &#8222;schwachen&#8220; Ich sagen, dass mir gegen\u00fcbersitzt, wenn ich auf dem &#8222;starken&#8220; Stuhl sitze? Wie geht es meinem &#8222;b\u00f6sen&#8220; Gegen\u00fcber, wenn ich auf dem &#8222;guten Stuhl&#8220; sitze? Was m\u00f6chte gesagt werden zwischen meinen Polarit\u00e4ten? Welche Seite verlangt mehr Aufmerksamkeit oder m\u00f6chte einfach nur akzeptiert werden? Welche Seite m\u00f6chte genau dies nicht und f\u00fchlt sich &#8222;als etwas Besseres&#8220;?<\/p>\n<p>Was braucht es, damit ich die beiden Polarit\u00e4ten wirklich integrieren kann?<\/p>\n<p>Denn der Preis f\u00fcr sich &#8222;bek\u00e4mpfende&#8220; Polarit\u00e4ten kann hoch sein: wer nur &#8222;gut&#8220; sein m\u00f6chte, kann vielleicht nicht f\u00fcr seine Grenzen einstehen und nur schwer &#8222;Nein&#8220; sagen. Wer sich das Alleinsein nicht g\u00f6nnt, ist vielleicht auch nie richtig anwesend in Gesellschaft. Wer nicht &#8222;weich&#8220; sein darf, legt sich vielleicht einen allzuharten Panzer zu, der am Ende keine Gef\u00fchle mehr zul\u00e4sst.<\/p>\n<p><em>Ich bin ich und ich verlier mich.<br \/>\nIch bin mutig und so Feig.<br \/>\nund ich versteh dich und versteh\u00b4s nicht<br \/>\nIch hab Geduld und keine Zeit<\/em><\/p>\n<p style=\"text-align: left;\"><em>Ich bin ein Fels und komm ins wanken.<br \/>\nIch sag die Wahrheit und ich l\u00fcge.<br \/>\nIch bin zu leer und voll gedanken<br \/>\nBin voller Hass und voller Liebe.<\/em><\/p>\n<p style=\"text-align: left;\">Die Arbeit mit Polarit\u00e4ten kann sehr hilfreich und befreiend sein.<\/p>\n<p style=\"text-align: left;\">Und wie so oft beginnt diese Arbeit meist ganz unkompliziert im Hier und Jetzt. Mit neugierigem und wohlwollendem Beobachten von dem was sich zeigt. Wenn ich mich mit meinem Polarit\u00e4ten befasse und mich darauf einlasse, dass der eine Pol nur mit dem anderen Pol exisitieren kann.<\/p>\n<p style=\"text-align: left;\">In diesem Sinne steht f\u00fcr mich Gestalt sicher auch f\u00fcr <strong>UND<\/strong>. Denn ich bin eben das eine UND das andere.<\/p>\n<p style=\"text-align: center;\"><a href=\"https:\/\/www.jochenguertler.de\/wp-content\/uploads\/2011\/09\/DSC097602.jpg\"><img loading=\"lazy\" decoding=\"async\" class=\"aligncenter size-full wp-image-484\" src=\"https:\/\/www.jochenguertler.de\/wp-content\/uploads\/2011\/09\/DSC097602.jpg\" alt=\"\" width=\"373\" height=\"210\" srcset=\"https:\/\/www.jochenguertler.de\/wp-content\/uploads\/2011\/09\/DSC097602.jpg 1037w, https:\/\/www.jochenguertler.de\/wp-content\/uploads\/2011\/09\/DSC097602-300x168.jpg 300w, https:\/\/www.jochenguertler.de\/wp-content\/uploads\/2011\/09\/DSC097602-1024x575.jpg 1024w, https:\/\/www.jochenguertler.de\/wp-content\/uploads\/2011\/09\/DSC097602-150x84.jpg 150w, https:\/\/www.jochenguertler.de\/wp-content\/uploads\/2011\/09\/DSC097602-400x224.jpg 400w\" sizes=\"auto, (max-width: 373px) 100vw, 373px\" \/><\/a><\/p>\n<\/div>\n","protected":false},"excerpt":{"rendered":"<p>Andreas Bourani hat neben all den Gedanken, die er &#8222;nur in seinem Kopf hat&#8220;, noch mehr interessante Texte wie ich finde. Besonders\u00a0 angesprochen haben mich beispielsweise die folgenden Zeilen aus So Leicht So Schwer. Ich bin gut, bin viel zu b\u00f6se. Ich f\u00fchl mich gro\u00df, Ich f\u00fchl mich klein. Ich bin ein Sieger, ein Verlierer. [&hellip;]<\/p>\n","protected":false},"author":1,"featured_media":483,"comment_status":"open","ping_status":"open","sticky":false,"template":"","format":"standard","meta":{"footnotes":""},"categories":[5],"tags":[6,10],"class_list":["post-467","post","type-post","status-publish","format-standard","has-post-thumbnail","hentry","category-blog","tag-gestaltarbeit","tag-polaritaten"],"_links":{"self":[{"href":"https:\/\/www.jochenguertler.de\/index.php?rest_route=\/wp\/v2\/posts\/467","targetHints":{"allow":["GET"]}}],"collection":[{"href":"https:\/\/www.jochenguertler.de\/index.php?rest_route=\/wp\/v2\/posts"}],"about":[{"href":"https:\/\/www.jochenguertler.de\/index.php?rest_route=\/wp\/v2\/types\/post"}],"author":[{"embeddable":true,"href":"https:\/\/www.jochenguertler.de\/index.php?rest_route=\/wp\/v2\/users\/1"}],"replies":[{"embeddable":true,"href":"https:\/\/www.jochenguertler.de\/index.php?rest_route=%2Fwp%2Fv2%2Fcomments&post=467"}],"version-history":[{"count":0,"href":"https:\/\/www.jochenguertler.de\/index.php?rest_route=\/wp\/v2\/posts\/467\/revisions"}],"wp:featuredmedia":[{"embeddable":true,"href":"https:\/\/www.jochenguertler.de\/index.php?rest_route=\/wp\/v2\/media\/483"}],"wp:attachment":[{"href":"https:\/\/www.jochenguertler.de\/index.php?rest_route=%2Fwp%2Fv2%2Fmedia&parent=467"}],"wp:term":[{"taxonomy":"category","embeddable":true,"href":"https:\/\/www.jochenguertler.de\/index.php?rest_route=%2Fwp%2Fv2%2Fcategories&post=467"},{"taxonomy":"post_tag","embeddable":true,"href":"https:\/\/www.jochenguertler.de\/index.php?rest_route=%2Fwp%2Fv2%2Ftags&post=467"}],"curies":[{"name":"wp","href":"https:\/\/api.w.org\/{rel}","templated":true}]}}