{"id":503,"date":"2011-10-06T10:32:29","date_gmt":"2011-10-06T09:32:29","guid":{"rendered":"http:\/\/www.jochenguertler.de\/?p=503"},"modified":"2013-06-14T14:42:41","modified_gmt":"2013-06-14T13:42:41","slug":"mannsbilder","status":"publish","type":"post","link":"https:\/\/www.jochenguertler.de\/?p=503","title":{"rendered":"Mannsbilder"},"content":{"rendered":"<p>Sie wurden schon mehr als einmal besungen, in Talkshows bequatscht und in unz\u00e4hligen Magazinen und B\u00fcchern analysiert und beschrieben. Die \u201eMannsbilder\u201c von heute. Die Bilder vom Mann und Mann sein in 2011.<\/p>\n<p>Zwischen Karriere und Elternzeit. Zwischen Beziehung, Familie und Freunden. Zwischen Mario Barth und Caveman. Zwischen Terminator, Superman und Rocky. Zwischen Keinohrhasen , M\u00e4nnerherzen und What a man?<\/p>\n<p><strong>Wann ist man(n) ein Mann?<\/strong><\/p>\n<p>Im Rahmen dieses Seminar wollen wir uns mit uns Mannsbildern besch\u00e4ftigen. Mit den Bildern vom Mann sein, die uns gepr\u00e4gt haben. Die uns vorgelebt wurden. Die von uns erwartet werden. Die wir von uns selbst erwarten.<\/p>\n<p>Und wir wollen im Gespr\u00e4ch mit und unter M\u00e4nnern erforschen, welche davon wirklich unsere eigenen sind. Und welche wir vielleicht gerne verabschieden w\u00fcrden. Um am Ende ein St\u00fcckchen mehr der Mann zu werden, der wir sind. Und nicht nur ein Bild davon.<\/p>\n<p>Wir arbeiten in der Gruppe sowie in Kleingruppen. Mit Methode aus der Gestalttherapie. Mit Wahrnehmungs\u00fcbungen und Phantasiereisen. Mit Bildern an der Wand und im Kopf. Im Hier und Jetzt.<\/p>\n<p><em>Die Anmeldung zu diesem Seminar finden sie <a href=\"https:\/\/www.jochenguertler.de\/wp-content\/uploads\/2011\/10\/Anmeldung-Mannsbilder.pdf\">hier<\/a>.<\/em><\/p>\n<p><strong><em>Termin<\/em><\/strong>: Samstag, 26. November, 15:00 bis Sonntag, 27. November 2011, 18:00 Uhr<\/p>\n<p><strong><em>Ort<\/em><\/strong>: Tullastra\u00dfe 82, 76131 Karlsruhe<\/p>\n<p><strong><em>Leitung<\/em><\/strong>: Jochen G\u00fcrtler<\/p>\n<p><em><a href=\"https:\/\/www.jochenguertler.de\/wp-content\/uploads\/2011\/10\/ARTIS_DECK_Jochen_Guertler_045-1_small.jpg\"><img loading=\"lazy\" decoding=\"async\" class=\"alignleft size-full wp-image-507\" alt=\"\" src=\"https:\/\/www.jochenguertler.de\/wp-content\/uploads\/2011\/10\/ARTIS_DECK_Jochen_Guertler_045-1_small.jpg\" width=\"240\" height=\"275\" srcset=\"https:\/\/www.jochenguertler.de\/wp-content\/uploads\/2011\/10\/ARTIS_DECK_Jochen_Guertler_045-1_small.jpg 300w, https:\/\/www.jochenguertler.de\/wp-content\/uploads\/2011\/10\/ARTIS_DECK_Jochen_Guertler_045-1_small-261x300.jpg 261w, https:\/\/www.jochenguertler.de\/wp-content\/uploads\/2011\/10\/ARTIS_DECK_Jochen_Guertler_045-1_small-130x150.jpg 130w\" sizes=\"auto, (max-width: 240px) 100vw, 240px\" \/><\/a><\/em>Geboren 1970. Studium der Informatik in Karlsruhe. Seit 1998 in der Software-Branche in verschiedenen Funktionen besch\u00e4ftigt. Seit 2009 auch als (interner) Coach und Mentor t\u00e4tig. Ausbildung zum Gestalttherapeuten. Seit 2011 mit eigener Praxis in Karlsruhe. Buchautor. Blogger. Vater.<\/p>\n<p>In meiner Arbeit m\u00f6chte ich Erfahrungen einbringen, die ich in meinen mittlerweile 4 Lebensjahrzehnten gesammelt habe.<\/p>\n<p>Erfahrungen in der Software-Branche. Im B\u00fcroalltag. Als Teil gro\u00dfer bis sehr gro\u00dfer Unternehmen.<\/p>\n<p>Erfahrungen, die ich beim Erforschen von mir selbst gemacht habe. Erfahrungen, die ich machen durfte und musste, als <em>bei mir<\/em> Ver\u00e4nderungen anstanden.<\/p>\n<p>Und nicht zuletzt auch Erfahrungen als Kollege, Chef, Sohn, Bruder, Mann, Vater.<\/p>\n<p>Neben meiner Arbeit im B\u00fcro und in meiner Praxis, verbringe ich meine Zeit am liebsten mit meinen Kindern, meiner Familie, meinen Freunden. Bei Filmabenden. Mit Reisen. Beim Musik h\u00f6ren und Musik machen.<\/p>\n<p>Und immer h\u00e4ufiger auch mit Momenten der Stille und Meditation.<\/p>\n","protected":false},"excerpt":{"rendered":"<p>Sie wurden schon mehr als einmal besungen, in Talkshows bequatscht und in unz\u00e4hligen Magazinen und B\u00fcchern analysiert und beschrieben. Die \u201eMannsbilder\u201c von heute. Die Bilder vom Mann und Mann sein in 2011. Zwischen Karriere und Elternzeit. Zwischen Beziehung, Familie und Freunden. Zwischen Mario Barth und Caveman. Zwischen Terminator, Superman und Rocky. Zwischen Keinohrhasen , M\u00e4nnerherzen [&hellip;]<\/p>\n","protected":false},"author":1,"featured_media":978,"comment_status":"open","ping_status":"open","sticky":false,"template":"","format":"standard","meta":{"footnotes":""},"categories":[4],"tags":[6,16,15,12],"class_list":["post-503","post","type-post","status-publish","format-standard","has-post-thumbnail","hentry","category-veranstaltung","tag-gestaltarbeit","tag-gruppe","tag-mannsein","tag-seminar"],"_links":{"self":[{"href":"https:\/\/www.jochenguertler.de\/index.php?rest_route=\/wp\/v2\/posts\/503","targetHints":{"allow":["GET"]}}],"collection":[{"href":"https:\/\/www.jochenguertler.de\/index.php?rest_route=\/wp\/v2\/posts"}],"about":[{"href":"https:\/\/www.jochenguertler.de\/index.php?rest_route=\/wp\/v2\/types\/post"}],"author":[{"embeddable":true,"href":"https:\/\/www.jochenguertler.de\/index.php?rest_route=\/wp\/v2\/users\/1"}],"replies":[{"embeddable":true,"href":"https:\/\/www.jochenguertler.de\/index.php?rest_route=%2Fwp%2Fv2%2Fcomments&post=503"}],"version-history":[{"count":0,"href":"https:\/\/www.jochenguertler.de\/index.php?rest_route=\/wp\/v2\/posts\/503\/revisions"}],"wp:featuredmedia":[{"embeddable":true,"href":"https:\/\/www.jochenguertler.de\/index.php?rest_route=\/wp\/v2\/media\/978"}],"wp:attachment":[{"href":"https:\/\/www.jochenguertler.de\/index.php?rest_route=%2Fwp%2Fv2%2Fmedia&parent=503"}],"wp:term":[{"taxonomy":"category","embeddable":true,"href":"https:\/\/www.jochenguertler.de\/index.php?rest_route=%2Fwp%2Fv2%2Fcategories&post=503"},{"taxonomy":"post_tag","embeddable":true,"href":"https:\/\/www.jochenguertler.de\/index.php?rest_route=%2Fwp%2Fv2%2Ftags&post=503"}],"curies":[{"name":"wp","href":"https:\/\/api.w.org\/{rel}","templated":true}]}}