{"id":632,"date":"2012-01-19T12:47:07","date_gmt":"2012-01-19T11:47:07","guid":{"rendered":"http:\/\/www.jochenguertler.de\/?p=632"},"modified":"2012-01-19T12:47:07","modified_gmt":"2012-01-19T11:47:07","slug":"ich-wurd-ja-wollen-wenn-ich-nur-konnt","status":"publish","type":"post","link":"https:\/\/www.jochenguertler.de\/?p=632","title":{"rendered":"Ich w\u00fcrd ja wollen wenn ich nur k\u00f6nnt."},"content":{"rendered":"<p>Nachdem ich in den vorherigen Artikeln einzelne Kapitel aus meiner Abschlussarbeit ver\u00f6fflicht habe, gibt es nun als Abschluss die komplette Arbeit als <a href=\"http:\/\/dl.dropbox.com\/u\/55498602\/Ich%20w%C3%BCrd%20ja%20wollen%20wenn%20ich%20nur%20koennt..pdf\" target=\"_blank\">PDF<\/a>.<\/p>\n<p style=\"text-align: center;\"><a href=\"https:\/\/www.jochenguertler.de\/wp-content\/uploads\/2012\/01\/DSC00249.jpg\"><img loading=\"lazy\" decoding=\"async\" class=\"size-large wp-image-633 aligncenter\" src=\"https:\/\/www.jochenguertler.de\/wp-content\/uploads\/2012\/01\/DSC00249-1024x154.jpg\" alt=\"\" width=\"384\" height=\"58\" srcset=\"https:\/\/www.jochenguertler.de\/wp-content\/uploads\/2012\/01\/DSC00249-1024x154.jpg 1024w, https:\/\/www.jochenguertler.de\/wp-content\/uploads\/2012\/01\/DSC00249-300x45.jpg 300w, https:\/\/www.jochenguertler.de\/wp-content\/uploads\/2012\/01\/DSC00249-150x22.jpg 150w, https:\/\/www.jochenguertler.de\/wp-content\/uploads\/2012\/01\/DSC00249-400x60.jpg 400w, https:\/\/www.jochenguertler.de\/wp-content\/uploads\/2012\/01\/DSC00249.jpg 1600w\" sizes=\"auto, (max-width: 384px) 100vw, 384px\" \/><\/a><\/p>\n<p style=\"text-align: center;\"><strong><em>Ich w\u00fcrd ja wollen wenn ich nur k\u00f6nnt. <\/em><\/strong><\/p>\n<p style=\"text-align: center;\"><strong><em>\u00dcber den Wunsch nach Ver\u00e4nderung und Wachstum und einen gestalttherapeutischen Weg dorthin.<\/em><\/strong><\/p>\n<p><em><br \/>\n<\/em><\/p>\n","protected":false},"excerpt":{"rendered":"<p>Nachdem ich in den vorherigen Artikeln einzelne Kapitel aus meiner Abschlussarbeit ver\u00f6fflicht habe, gibt es nun als Abschluss die komplette Arbeit als PDF. Ich w\u00fcrd ja wollen wenn ich nur k\u00f6nnt. \u00dcber den Wunsch nach Ver\u00e4nderung und Wachstum und einen gestalttherapeutischen Weg dorthin.<\/p>\n","protected":false},"author":1,"featured_media":633,"comment_status":"open","ping_status":"open","sticky":false,"template":"","format":"standard","meta":{"footnotes":""},"categories":[5],"tags":[7,17,22,8],"class_list":["post-632","post","type-post","status-publish","format-standard","has-post-thumbnail","hentry","category-blog","tag-beisser","tag-gestalt","tag-heldenreise","tag-veranderung"],"_links":{"self":[{"href":"https:\/\/www.jochenguertler.de\/index.php?rest_route=\/wp\/v2\/posts\/632","targetHints":{"allow":["GET"]}}],"collection":[{"href":"https:\/\/www.jochenguertler.de\/index.php?rest_route=\/wp\/v2\/posts"}],"about":[{"href":"https:\/\/www.jochenguertler.de\/index.php?rest_route=\/wp\/v2\/types\/post"}],"author":[{"embeddable":true,"href":"https:\/\/www.jochenguertler.de\/index.php?rest_route=\/wp\/v2\/users\/1"}],"replies":[{"embeddable":true,"href":"https:\/\/www.jochenguertler.de\/index.php?rest_route=%2Fwp%2Fv2%2Fcomments&post=632"}],"version-history":[{"count":0,"href":"https:\/\/www.jochenguertler.de\/index.php?rest_route=\/wp\/v2\/posts\/632\/revisions"}],"wp:featuredmedia":[{"embeddable":true,"href":"https:\/\/www.jochenguertler.de\/index.php?rest_route=\/wp\/v2\/media\/633"}],"wp:attachment":[{"href":"https:\/\/www.jochenguertler.de\/index.php?rest_route=%2Fwp%2Fv2%2Fmedia&parent=632"}],"wp:term":[{"taxonomy":"category","embeddable":true,"href":"https:\/\/www.jochenguertler.de\/index.php?rest_route=%2Fwp%2Fv2%2Fcategories&post=632"},{"taxonomy":"post_tag","embeddable":true,"href":"https:\/\/www.jochenguertler.de\/index.php?rest_route=%2Fwp%2Fv2%2Ftags&post=632"}],"curies":[{"name":"wp","href":"https:\/\/api.w.org\/{rel}","templated":true}]}}