{"id":777,"date":"2012-03-17T13:34:11","date_gmt":"2012-03-17T12:34:11","guid":{"rendered":"http:\/\/www.jochenguertler.de\/?p=777"},"modified":"2012-03-17T13:37:01","modified_gmt":"2012-03-17T12:37:01","slug":"mannsbilder-2","status":"publish","type":"post","link":"https:\/\/www.jochenguertler.de\/?p=777","title":{"rendered":"mannsbilder."},"content":{"rendered":"<p>Sie wurden schon mehr als einmal besungen, in Talkshows bequatscht  und in unz\u00e4hligen Magazinen und B\u00fcchern analysiert und beschrieben. Die Mannsbilder von heute. Die Bilder vom Mann und Mann sein.<\/p>\n<p>Zwischen Karriere und Elternzeit. Zwischen Beziehung, Familie und  Freunden. Zwischen Edel-Macho und Softie. Zwischen Mario Barth und Caveman. Zwischen Terminator,  Superman und Rocky. Zwischen &#8222;Keinohrhasen&#8220;, &#8222;M\u00e4nnerherzen&#8220; und &#8222;What a man?&#8220; <em>Wann ist man(n) denn nun ein Mann?<\/em><\/p>\n<p style=\"text-align: center;\"><a href=\"https:\/\/www.jochenguertler.de\/wp-content\/uploads\/2012\/02\/Screen-shot-2012-02-06-at-11.19.56-AM.png.jpg\"><img loading=\"lazy\" decoding=\"async\" class=\"aligncenter size-full wp-image-778\" title=\"Screen-shot-2012-02-06-at-11.19.56-AM.png\" src=\"https:\/\/www.jochenguertler.de\/wp-content\/uploads\/2012\/02\/Screen-shot-2012-02-06-at-11.19.56-AM.png.jpg\" alt=\"\" width=\"498\" height=\"350\" srcset=\"https:\/\/www.jochenguertler.de\/wp-content\/uploads\/2012\/02\/Screen-shot-2012-02-06-at-11.19.56-AM.png.jpg 777w, https:\/\/www.jochenguertler.de\/wp-content\/uploads\/2012\/02\/Screen-shot-2012-02-06-at-11.19.56-AM.png-300x210.jpg 300w, https:\/\/www.jochenguertler.de\/wp-content\/uploads\/2012\/02\/Screen-shot-2012-02-06-at-11.19.56-AM.png-150x105.jpg 150w, https:\/\/www.jochenguertler.de\/wp-content\/uploads\/2012\/02\/Screen-shot-2012-02-06-at-11.19.56-AM.png-400x281.jpg 400w\" sizes=\"auto, (max-width: 498px) 100vw, 498px\" \/><\/a><\/p>\n<p style=\"text-align: center;\">\n<p>Im Rahmen dieses Seminar wollen wir uns mit uns Mannsbildern   besch\u00e4ftigen. Mit den Bildern vom Mann sein, die uns gepr\u00e4gt haben. Die   uns vorgelebt wurden. Die von uns erwartet werden. Die wir von uns   selbst erwarten.<\/p>\n<p>Und wir wollen im Gespr\u00e4ch mit und unter M\u00e4nnern erforschen, welche   davon wirklich unsere eigenen sind. Und welche wir vielleicht gerne   verabschieden w\u00fcrden. Um am Ende ein St\u00fcckchen mehr der Mann zu werden,   der wir sind. Und nicht nur ein Bild davon.<\/p>\n<p style=\"text-align: center;\"><a href=\"https:\/\/www.jochenguertler.de\/wp-content\/uploads\/2012\/02\/Screen-shot-2012-02-06-at-11.19.50-AM.png1.jpg\"><img loading=\"lazy\" decoding=\"async\" class=\"aligncenter size-full wp-image-795\" title=\"Screen shot 2012-02-06 at 11.19.50 AM.png\" src=\"https:\/\/www.jochenguertler.de\/wp-content\/uploads\/2012\/02\/Screen-shot-2012-02-06-at-11.19.50-AM.png1.jpg\" alt=\"\" width=\"481\" height=\"338\" srcset=\"https:\/\/www.jochenguertler.de\/wp-content\/uploads\/2012\/02\/Screen-shot-2012-02-06-at-11.19.50-AM.png1.jpg 773w, https:\/\/www.jochenguertler.de\/wp-content\/uploads\/2012\/02\/Screen-shot-2012-02-06-at-11.19.50-AM.png1-300x211.jpg 300w, https:\/\/www.jochenguertler.de\/wp-content\/uploads\/2012\/02\/Screen-shot-2012-02-06-at-11.19.50-AM.png1-150x105.jpg 150w, https:\/\/www.jochenguertler.de\/wp-content\/uploads\/2012\/02\/Screen-shot-2012-02-06-at-11.19.50-AM.png1-400x281.jpg 400w\" sizes=\"auto, (max-width: 481px) 100vw, 481px\" \/><\/a><\/p>\n<p>Wir arbeiten in der Gruppe sowie in Kleingruppen. Mit Methode aus der  Gestalttherapie. Mit Wahrnehmungs\u00fcbungen und Phantasiereisen. Mit  Bildern an der Wand und im Kopf. Im Hier und Jetzt.<\/p>\n<p><em>Die Anmeldung zu diesem Seminar finden sie <a href=\"https:\/\/www.jochenguertler.de\/wp-content\/uploads\/2012\/03\/Seminar-Ausschreibung-Mannsbilder-.pdf\">hier<\/a>.<\/em><\/p>\n<p><em>Termin<\/em>: Samstag, 12. Mai, 10:00 bis Sonntag, 13. Mai 2012, 18:00 Uhr<\/p>\n<p><em>Ort<\/em>: Tullastra\u00dfe 82, 76131 Karlsruhe<\/p>\n<p><em>Leitung<\/em>: Jochen G\u00fcrtler<\/p>\n<p>Kosten: 150,- Euro (inklusive Tee, Kaffee, Geb\u00e4ck und Obst w\u00e4hrend des Seminars)<\/p>\n<p><em><a href=\"..\/wp-content\/uploads\/2011\/10\/ARTIS_DECK_Jochen_Guertler_045-1_small.jpg\"><img loading=\"lazy\" decoding=\"async\" class=\"alignleft\" src=\"..\/wp-content\/uploads\/2011\/10\/ARTIS_DECK_Jochen_Guertler_045-1_small.jpg\" alt=\"\" width=\"216\" height=\"248\" \/><\/a><\/em><\/p>\n<p><strong>Jochen G\u00fcrtler. <\/strong>Geboren 1970. Studium der Informatik an der TU Karlsruhe (heute KIT). Seit 1998 in der Softwarebranche als Entwickler, Software-Architekt, Projekt-Leiter, Product Owner und Team-Leiter besch\u00e4ftigt. Seit 2009 auch als Coach und Mentor t\u00e4tig.<\/p>\n<p>Ausbildung zum Gestalt-therapeuten. Zertifizierter Reiss Profile Master. Design Thinking Coach und Teacher. Sohn. Vater. Mann.<\/p>\n<p>Mich fasziniert das wohl immerw\u00e4hrende Wechselspiel zwischen dem Wunsch nach Ver\u00e4nderung und dem Hang im Status Quo zu verharren.<\/p>\n<p>\u201eAnerkennen was ist\u201c ist mir dabei Leitfaden und Herausforderung zugleich.<\/p>\n<p>In meiner Arbeit als Coach bringe ich meine Erfahrungen aus mittlerweile 4 Lebensjahrzehnten ein. Ich m\u00f6chte dazu ermutigen, sich auf den Weg zu machen, St\u00fcck f\u00fcr St\u00fcck zu dem zu werden, der man(n) ist.<\/p>\n","protected":false},"excerpt":{"rendered":"<p>Sie wurden schon mehr als einmal besungen, in Talkshows bequatscht und in unz\u00e4hligen Magazinen und B\u00fcchern analysiert und beschrieben. Die Mannsbilder von heute. Die Bilder vom Mann und Mann sein. Zwischen Karriere und Elternzeit. Zwischen Beziehung, Familie und Freunden. Zwischen Edel-Macho und Softie. Zwischen Mario Barth und Caveman. Zwischen Terminator, Superman und Rocky. Zwischen &#8222;Keinohrhasen&#8220;, [&hellip;]<\/p>\n","protected":false},"author":1,"featured_media":778,"comment_status":"open","ping_status":"open","sticky":false,"template":"","format":"standard","meta":{"footnotes":""},"categories":[4],"tags":[],"class_list":["post-777","post","type-post","status-publish","format-standard","has-post-thumbnail","hentry","category-veranstaltung"],"_links":{"self":[{"href":"https:\/\/www.jochenguertler.de\/index.php?rest_route=\/wp\/v2\/posts\/777","targetHints":{"allow":["GET"]}}],"collection":[{"href":"https:\/\/www.jochenguertler.de\/index.php?rest_route=\/wp\/v2\/posts"}],"about":[{"href":"https:\/\/www.jochenguertler.de\/index.php?rest_route=\/wp\/v2\/types\/post"}],"author":[{"embeddable":true,"href":"https:\/\/www.jochenguertler.de\/index.php?rest_route=\/wp\/v2\/users\/1"}],"replies":[{"embeddable":true,"href":"https:\/\/www.jochenguertler.de\/index.php?rest_route=%2Fwp%2Fv2%2Fcomments&post=777"}],"version-history":[{"count":0,"href":"https:\/\/www.jochenguertler.de\/index.php?rest_route=\/wp\/v2\/posts\/777\/revisions"}],"wp:featuredmedia":[{"embeddable":true,"href":"https:\/\/www.jochenguertler.de\/index.php?rest_route=\/wp\/v2\/media\/778"}],"wp:attachment":[{"href":"https:\/\/www.jochenguertler.de\/index.php?rest_route=%2Fwp%2Fv2%2Fmedia&parent=777"}],"wp:term":[{"taxonomy":"category","embeddable":true,"href":"https:\/\/www.jochenguertler.de\/index.php?rest_route=%2Fwp%2Fv2%2Fcategories&post=777"},{"taxonomy":"post_tag","embeddable":true,"href":"https:\/\/www.jochenguertler.de\/index.php?rest_route=%2Fwp%2Fv2%2Ftags&post=777"}],"curies":[{"name":"wp","href":"https:\/\/api.w.org\/{rel}","templated":true}]}}