{"id":838,"date":"2012-05-11T07:41:54","date_gmt":"2012-05-11T06:41:54","guid":{"rendered":"http:\/\/www.jochenguertler.de\/?p=838"},"modified":"2013-01-02T18:46:48","modified_gmt":"2013-01-02T17:46:48","slug":"ideen-raum-geben","status":"publish","type":"post","link":"https:\/\/www.jochenguertler.de\/?p=838","title":{"rendered":"Ideen Raum geben."},"content":{"rendered":"<p>Gestern hatte ich das Vergn\u00fcgen im Rahmen der Karlsruher Entwicklertage dar\u00fcber zu sprechen, was es braucht um Ideen Raum zu geben.<\/p>\n<p>Wer sind die &#8222;richtigen&#8220; Menschen daf\u00fcr, welches Team macht das m\u00f6glich? Welche (Frei-) R\u00e4ume m\u00fcssen geschaffen werden und was ist eine passende Heransgehensweise, die all das verbindet um letztendlich Ideen den Raum zu geben, den es braucht, um kreativ und innovativ zu arbeiten &#8211; und Spass dabei zu haben. Die Folien zum Vortrag gibt es <a href=\"http:\/\/www.slideshare.net\/jochenguertler\/ideen-raum-geben \" target=\"_blank\">hier<\/a>.<\/p>\n<p style=\"text-align: center;\"><a href=\"http:\/\/www.slideshare.net\/jochenguertler\/ideen-raum-geben\" target=\"_blank\"><img loading=\"lazy\" decoding=\"async\" class=\"aligncenter size-full wp-image-840\" alt=\"\" src=\"https:\/\/www.jochenguertler.de\/wp-content\/uploads\/2012\/05\/Screen-shot-2012-05-11-at-8.38.37-AM1.png\" width=\"480\" height=\"269\" srcset=\"https:\/\/www.jochenguertler.de\/wp-content\/uploads\/2012\/05\/Screen-shot-2012-05-11-at-8.38.37-AM1.png 600w, https:\/\/www.jochenguertler.de\/wp-content\/uploads\/2012\/05\/Screen-shot-2012-05-11-at-8.38.37-AM1-300x168.png 300w, https:\/\/www.jochenguertler.de\/wp-content\/uploads\/2012\/05\/Screen-shot-2012-05-11-at-8.38.37-AM1-150x84.png 150w, https:\/\/www.jochenguertler.de\/wp-content\/uploads\/2012\/05\/Screen-shot-2012-05-11-at-8.38.37-AM1-400x224.png 400w\" sizes=\"auto, (max-width: 480px) 100vw, 480px\" \/><\/a><\/p>\n<p style=\"text-align: center;\">\n","protected":false},"excerpt":{"rendered":"<p>Gestern hatte ich das Vergn\u00fcgen im Rahmen der Karlsruher Entwicklertage dar\u00fcber zu sprechen, was es braucht um Ideen Raum zu geben. Wer sind die &#8222;richtigen&#8220; Menschen daf\u00fcr, welches Team macht das m\u00f6glich? Welche (Frei-) R\u00e4ume m\u00fcssen geschaffen werden und was ist eine passende Heransgehensweise, die all das verbindet um letztendlich Ideen den Raum zu geben, [&hellip;]<\/p>\n","protected":false},"author":1,"featured_media":0,"comment_status":"open","ping_status":"open","sticky":false,"template":"","format":"standard","meta":{"footnotes":""},"categories":[1],"tags":[27,26,28,29,25],"class_list":["post-838","post","type-post","status-publish","format-standard","hentry","category-allgemein","tag-design-thinking","tag-innovation","tag-kreativitaet","tag-team","tag-teambuilding"],"_links":{"self":[{"href":"https:\/\/www.jochenguertler.de\/index.php?rest_route=\/wp\/v2\/posts\/838","targetHints":{"allow":["GET"]}}],"collection":[{"href":"https:\/\/www.jochenguertler.de\/index.php?rest_route=\/wp\/v2\/posts"}],"about":[{"href":"https:\/\/www.jochenguertler.de\/index.php?rest_route=\/wp\/v2\/types\/post"}],"author":[{"embeddable":true,"href":"https:\/\/www.jochenguertler.de\/index.php?rest_route=\/wp\/v2\/users\/1"}],"replies":[{"embeddable":true,"href":"https:\/\/www.jochenguertler.de\/index.php?rest_route=%2Fwp%2Fv2%2Fcomments&post=838"}],"version-history":[{"count":0,"href":"https:\/\/www.jochenguertler.de\/index.php?rest_route=\/wp\/v2\/posts\/838\/revisions"}],"wp:attachment":[{"href":"https:\/\/www.jochenguertler.de\/index.php?rest_route=%2Fwp%2Fv2%2Fmedia&parent=838"}],"wp:term":[{"taxonomy":"category","embeddable":true,"href":"https:\/\/www.jochenguertler.de\/index.php?rest_route=%2Fwp%2Fv2%2Fcategories&post=838"},{"taxonomy":"post_tag","embeddable":true,"href":"https:\/\/www.jochenguertler.de\/index.php?rest_route=%2Fwp%2Fv2%2Ftags&post=838"}],"curies":[{"name":"wp","href":"https:\/\/api.w.org\/{rel}","templated":true}]}}