{"id":879,"date":"2013-01-02T21:59:32","date_gmt":"2013-01-02T20:59:32","guid":{"rendered":"http:\/\/www.jochenguertler-beta.de\/?p=879"},"modified":"2013-01-02T23:19:14","modified_gmt":"2013-01-02T22:19:14","slug":"ellen-gurtler","status":"publish","type":"post","link":"https:\/\/www.jochenguertler.de\/?p=879","title":{"rendered":"Ellen G\u00fcrtler"},"content":{"rendered":"<p>Inhaberin der Praxis Ellen G\u00fcrtler seit 1997, Atem-, Sprech- und Stimmlehrerin, Lehrlogop\u00e4din, Stimm- und Sprechtrainerin, Psychotherapeutin (HPG), Gestalttherapeutin, PESSO-Therapeutin, Coach, Sprecherin und S\u00e4ngerin.<\/p>\n<p>Als <b>Unternehmerin und Chefin<\/b> unterst\u00fctze ich Sie in Ihrer Karriereplanung und der Professionalisierung Ihrer Mitarbeiterf\u00fchrung und Ihres F\u00fchrungsstils.<\/p>\n<p>Als <b>Stimm- und Sprechtrainerin<\/b> arbeite ich mit Ihnen an Ihrer Sprechtechnik, Ihren stimmlichen Ausdrucksm\u00f6glichkeiten und Ihrer Kommunikations-f\u00e4higkeit.<\/p>\n<p>Als <b>Trainerin und Coach<\/b> bin ich u.a. f\u00fcr die RWTH Aachen, AIXTRON, das Forschungszentrum J\u00fclich, St\u00e4dte und Kommunen t\u00e4tig und arbeite mit Ihnen an der Klarheit und Authentizit\u00e4t Ihres professionellen und pers\u00f6nlichen Auftretens, trainiere Ihre Wahrnehmungsf\u00e4higkeit und Ihre Durchsetzungs-kraft zur Erweiterung Ihrer beruflichen Kompetenz.<\/p>\n<p>Als <b>Psychotherapeutin<\/b> unterst\u00fctze ich Sie in beruflichen und pers\u00f6nlichen Krisen und bei der Aufarbeitung innerpsychischer Konflikte.<\/p>\n","protected":false},"excerpt":{"rendered":"<p><strong>Ellen G\u00fcrtler<\/strong> &#8211; Unternehmerin, Logop\u00e4din, Stimmlehrerin, Gestalttherapeutin, Pezzo-Therapeutin, Coach &#8211;  <a href=\"http:\/\/www.ellenguertler.de\/\" target=\"_blank\">ellenguertler.de<\/a><\/p>\n","protected":false},"author":1,"featured_media":789,"comment_status":"open","ping_status":"open","sticky":false,"template":"","format":"standard","meta":{"footnotes":""},"categories":[33],"tags":[],"class_list":["post-879","post","type-post","status-publish","format-standard","has-post-thumbnail","hentry","category-netzwerk"],"_links":{"self":[{"href":"https:\/\/www.jochenguertler.de\/index.php?rest_route=\/wp\/v2\/posts\/879","targetHints":{"allow":["GET"]}}],"collection":[{"href":"https:\/\/www.jochenguertler.de\/index.php?rest_route=\/wp\/v2\/posts"}],"about":[{"href":"https:\/\/www.jochenguertler.de\/index.php?rest_route=\/wp\/v2\/types\/post"}],"author":[{"embeddable":true,"href":"https:\/\/www.jochenguertler.de\/index.php?rest_route=\/wp\/v2\/users\/1"}],"replies":[{"embeddable":true,"href":"https:\/\/www.jochenguertler.de\/index.php?rest_route=%2Fwp%2Fv2%2Fcomments&post=879"}],"version-history":[{"count":0,"href":"https:\/\/www.jochenguertler.de\/index.php?rest_route=\/wp\/v2\/posts\/879\/revisions"}],"wp:featuredmedia":[{"embeddable":true,"href":"https:\/\/www.jochenguertler.de\/index.php?rest_route=\/wp\/v2\/media\/789"}],"wp:attachment":[{"href":"https:\/\/www.jochenguertler.de\/index.php?rest_route=%2Fwp%2Fv2%2Fmedia&parent=879"}],"wp:term":[{"taxonomy":"category","embeddable":true,"href":"https:\/\/www.jochenguertler.de\/index.php?rest_route=%2Fwp%2Fv2%2Fcategories&post=879"},{"taxonomy":"post_tag","embeddable":true,"href":"https:\/\/www.jochenguertler.de\/index.php?rest_route=%2Fwp%2Fv2%2Ftags&post=879"}],"curies":[{"name":"wp","href":"https:\/\/api.w.org\/{rel}","templated":true}]}}